{"id":505,"date":"2019-09-11T09:22:00","date_gmt":"2019-09-11T09:22:00","guid":{"rendered":"http:\/\/blog.metid.polimi.it\/?p=505"},"modified":"2019-09-11T09:22:00","modified_gmt":"2019-09-11T09:22:00","slug":"edutonic-prossimo-appuntamento-con-marco-bovati","status":"publish","type":"post","link":"http:\/\/blog.metid.polimi.it\/?p=505","title":{"rendered":"Edutonic: prossimo appuntamento con Marco Bovati"},"content":{"rendered":"\n<p>Sar\u00e0 <strong>Marco Bovati\u00a0<\/strong>il protagonista del prossimo appuntamento con EDUTONIC, incontri informali sull\u2019innovazione didattica, che ci parler\u00e0 della sperimentazione didattica attivata all\u2019interno del suo corso di \u201cTeoria della progettazione architettonica contemporanea\u201d<\/p>\n\n\n\n<h4 class=\"wp-block-heading\">L\u2019incontro si svolger\u00e0 marted\u00ec 24 settembre in Educaf\u00e8, Edificio 2, Campus Leonardo dalle 16:30 alle 18:00.<\/h4>\n\n\n\n<h4 class=\"wp-block-heading\"><strong>E\u2019 gradita una preiscrizione a<\/strong>  <strong><a href=\"mailto:didatticainnovativa-metid@polimi.it\">didatticainnovativa-metid@polimi.it<\/a><\/strong> <br><\/h4>\n\n\n\n<p><\/p>\n","protected":false},"excerpt":{"rendered":"<p>Sar\u00e0 Marco Bovati\u00a0il protagonista del prossimo appuntamento con EDUTONIC, incontri informali sull\u2019innovazione didattica, che ci parler\u00e0 della sperimentazione didattica attivata [&hellip;]<\/p>\n","protected":false},"author":3,"featured_media":506,"comment_status":"open","ping_status":"open","sticky":false,"template":"","format":"standard","meta":{"footnotes":""},"categories":[16],"tags":[],"class_list":{"0":"post-505","1":"post","2":"type-post","3":"status-publish","4":"format-standard","5":"has-post-thumbnail","6":"hentry","7":"category-raccontare","9":"post-item--1","10":"blog-post-summary-grid"},"_links":{"self":[{"href":"http:\/\/blog.metid.polimi.it\/index.php?rest_route=\/wp\/v2\/posts\/505","targetHints":{"allow":["GET"]}}],"collection":[{"href":"http:\/\/blog.metid.polimi.it\/index.php?rest_route=\/wp\/v2\/posts"}],"about":[{"href":"http:\/\/blog.metid.polimi.it\/index.php?rest_route=\/wp\/v2\/types\/post"}],"author":[{"embeddable":true,"href":"http:\/\/blog.metid.polimi.it\/index.php?rest_route=\/wp\/v2\/users\/3"}],"replies":[{"embeddable":true,"href":"http:\/\/blog.metid.polimi.it\/index.php?rest_route=%2Fwp%2Fv2%2Fcomments&post=505"}],"version-history":[{"count":1,"href":"http:\/\/blog.metid.polimi.it\/index.php?rest_route=\/wp\/v2\/posts\/505\/revisions"}],"predecessor-version":[{"id":507,"href":"http:\/\/blog.metid.polimi.it\/index.php?rest_route=\/wp\/v2\/posts\/505\/revisions\/507"}],"wp:featuredmedia":[{"embeddable":true,"href":"http:\/\/blog.metid.polimi.it\/index.php?rest_route=\/wp\/v2\/media\/506"}],"wp:attachment":[{"href":"http:\/\/blog.metid.polimi.it\/index.php?rest_route=%2Fwp%2Fv2%2Fmedia&parent=505"}],"wp:term":[{"taxonomy":"category","embeddable":true,"href":"http:\/\/blog.metid.polimi.it\/index.php?rest_route=%2Fwp%2Fv2%2Fcategories&post=505"},{"taxonomy":"post_tag","embeddable":true,"href":"http:\/\/blog.metid.polimi.it\/index.php?rest_route=%2Fwp%2Fv2%2Ftags&post=505"}],"curies":[{"name":"wp","href":"https:\/\/api.w.org\/{rel}","templated":true}]}}